{"id":3731,"date":"2025-12-17T08:59:42","date_gmt":"2025-12-17T11:59:42","guid":{"rendered":"https:\/\/veraotoldos.com.br\/blog\/?p=3731"},"modified":"2026-02-20T09:23:12","modified_gmt":"2026-02-20T12:23:12","slug":"toldos-e-coberturas-em-santo-andre-e-na-verao-toldos","status":"publish","type":"post","link":"https:\/\/veraotoldos.com.br\/blog\/toldos-e-coberturas-em-santo-andre-e-na-verao-toldos\/","title":{"rendered":"Toldos e coberturas em Santo Andr\u00e9: encontre as melhores op\u00e7\u00f5es na Ver\u00e3o Toldos"},"content":{"rendered":"<span class=\"span-reading-time rt-reading-time\" style=\"display: block;\"><span class=\"rt-label rt-prefix\">Tempo de leitura:<\/span> <span class=\"rt-time\"> 4<\/span> <span class=\"rt-label rt-postfix\">minutos<\/span><\/span>\n<p class=\"has-medium-font-size\"><strong><br><\/strong><strong>Descubra as melhores op\u00e7\u00f5es de toldos e coberturas em Santo Andr\u00e9 com a Ver\u00e3o Toldos e garanta conforto, estilo e prote\u00e7\u00e3o para seu espa\u00e7o.<\/strong><\/p>\n\n\n\n<p>Os <strong>toldos e coberturas em Santo Andr\u00e9<\/strong> s\u00e3o solu\u00e7\u00f5es indispens\u00e1veis para quem busca conforto, prote\u00e7\u00e3o e est\u00e9tica em resid\u00eancias, com\u00e9rcios e ind\u00fastrias.&nbsp;<\/p>\n\n\n\n<p>Na regi\u00e3o do ABC paulista, onde o clima varia entre sol intenso e chuvas fortes, investir em estruturas resistentes e de qualidade \u00e9 essencial para garantir durabilidade e praticidade no dia a dia.<\/p>\n\n\n\n<p>Mais do que simples acess\u00f3rios, os toldos e coberturas agregam valor aos ambientes, proporcionando sombra, ventila\u00e7\u00e3o e um visual moderno.<\/p>\n\n\n\n<p>&nbsp;E quando o assunto \u00e9 qualidade, a <strong>Ver\u00e3o Toldos<\/strong> se destaca como a principal <strong>empresa de toldos e coberturas no ABC<\/strong>, oferecendo produtos sob medida e acabamentos que unem funcionalidade e design.<\/p>\n\n\n\n<p>Com uma linha completa de solu\u00e7\u00f5es \u2014 incluindo toldos retr\u00e1teis, cortinas, coberturas fixas e pergolados \u2014 a Ver\u00e3o Toldos \u00e9 a escolha ideal para quem busca conforto, beleza e resist\u00eancia em cada projeto.<\/p>\n\n\n\n<ul class=\"wp-block-list\">\n<li><a href=\"https:\/\/veraotoldos.com.br\/blog\/encontre-os-melhores-toldos-no-abc-na-verao-toldos\/\">Encontre os melhores toldos no ABC na Ver\u00e3o Toldos<\/a><\/li>\n<\/ul>\n\n\n\n<h2 class=\"wp-block-heading\"><strong>Ver\u00e3o Toldos: refer\u00eancia em toldos e coberturas no ABC<\/strong><\/h2>\n\n\n\n<p>Com atua\u00e7\u00e3o consolidada em <strong>Santo Andr\u00e9 e toda a regi\u00e3o do ABC paulista<\/strong>, a <strong>Ver\u00e3o Toldos<\/strong> \u00e9 uma empresa especializada em projetos personalizados de prote\u00e7\u00e3o solar. S<\/p>\n\n\n\n<p>ua miss\u00e3o \u00e9 oferecer produtos de alta durabilidade, com excelente acabamento e adaptados \u00e0s necessidades de cada cliente.<\/p>\n\n\n\n<p>A empresa trabalha com <strong>materiais de primeira linha<\/strong> e <strong>m\u00e3o de obra especializada<\/strong>, garantindo o equil\u00edbrio entre est\u00e9tica e funcionalidade.&nbsp;<\/p>\n\n\n\n<p>Al\u00e9m disso, a Ver\u00e3o Toldos atua tanto no setor residencial quanto comercial, atendendo desde pequenas varandas e \u00e1reas gourmet at\u00e9 fachadas de lojas e grandes galp\u00f5es industriais.<\/p>\n\n\n\n<p>Escolher a Ver\u00e3o Toldos \u00e9 optar por <strong>seguran\u00e7a, eleg\u00e2ncia e conforto t\u00e9rmico<\/strong> em qualquer ambiente.<\/p>\n\n\n\n<h2 class=\"wp-block-heading\"><strong>Toldo cortina: versatilidade e prote\u00e7\u00e3o em um s\u00f3 produto<\/strong><\/h2>\n\n\n\n<p>O <strong>toldo cortina<\/strong> \u00e9 uma das op\u00e7\u00f5es mais vers\u00e1teis da linha da Ver\u00e3o Toldos. Ideal para varandas, garagens, \u00e1reas de lazer e com\u00e9rcios, ele proporciona <strong>prote\u00e7\u00e3o contra o sol, vento e chuva<\/strong>, sem comprometer a ilumina\u00e7\u00e3o natural.<\/p>\n\n\n\n<p>Dispon\u00edvel em vers\u00f5es manuais e motorizadas, o toldo cortina \u00e9 confeccionado com tecidos e estruturas de alta resist\u00eancia, permitindo fechamento total ou parcial conforme a necessidade.<\/p>\n\n\n\n<p>Em Santo Andr\u00e9, esse modelo \u00e9 muito procurado por quem deseja <strong>mais privacidade e conforto t\u00e9rmico<\/strong>, sem abrir m\u00e3o de um visual moderno e sofisticado.<\/p>\n\n\n\n<h2 class=\"wp-block-heading\"><strong>Cobertura fixa: resist\u00eancia e durabilidade o ano todo<\/strong><\/h2>\n\n\n\n<p>A <strong>cobertura fixa<\/strong> \u00e9 a escolha ideal para quem precisa de <strong>prote\u00e7\u00e3o permanente e robusta<\/strong>. Produzida com materiais de alta qualidade, como alum\u00ednio, a\u00e7o galvanizado e policarbonato, ela \u00e9 indicada para \u00e1reas de garagem, corredores laterais e entradas comerciais.<\/p>\n\n\n\n<p>Al\u00e9m de proteger contra sol e chuva, a cobertura fixa da Ver\u00e3o Toldos se destaca pela <strong>longa vida \u00fatil<\/strong> e pelo <strong>baixo custo de manuten\u00e7\u00e3o<\/strong>, sendo uma das solu\u00e7\u00f5es mais procuradas na regi\u00e3o do ABC.<\/p>\n\n\n\n<p>Projetadas sob medida, essas coberturas podem ser personalizadas em diferentes cores e formatos, adaptando-se perfeitamente ao estilo do im\u00f3vel.<\/p>\n\n\n\n<ul class=\"wp-block-list\">\n<li><a href=\"https:\/\/veraotoldos.com.br\/blog\/cobertura-fixa-para-toldos-no-tatuape-encontre-qualidade-com-verao-toldos\/\">Cobertura fixa para toldos no Tatuap\u00e9: encontre qualidade com Ver\u00e3o Toldos<\/a><\/li>\n<\/ul>\n\n\n\n<h2 class=\"wp-block-heading\"><strong>Toldo retr\u00e1til: praticidade e controle total de luminosidade<\/strong><\/h2>\n\n\n\n<p>O <strong>toldo retr\u00e1til<\/strong> \u00e9 uma das op\u00e7\u00f5es mais modernas do cat\u00e1logo da Ver\u00e3o Toldos. Ideal para quem busca <strong>flexibilidade e praticidade<\/strong>, ele pode ser recolhido ou estendido conforme as condi\u00e7\u00f5es clim\u00e1ticas.<\/p>\n\n\n\n<p>Esse modelo \u00e9 muito utilizado em <strong>varandas, restaurantes, \u00e1reas gourmet e com\u00e9rcios<\/strong>, permitindo controlar a incid\u00eancia de sol e ampliar o conforto t\u00e9rmico do ambiente.<\/p>\n\n\n\n<p>Com estrutura de alum\u00ednio e lona de alta resist\u00eancia, o toldo retr\u00e1til combina <strong>design elegante e tecnologia funcional<\/strong>, sendo uma excelente escolha para im\u00f3veis em Santo Andr\u00e9 que precisam de <strong>prote\u00e7\u00e3o com versatilidade<\/strong>.<\/p>\n\n\n\n<h2 class=\"wp-block-heading\"><strong>Toldos articulados: conforto e estilo em um s\u00f3 produto<\/strong><\/h2>\n\n\n\n<p>Os <strong>toldos articulados<\/strong> s\u00e3o uma alternativa moderna e sofisticada, perfeita para quem deseja aliar <strong>conforto, est\u00e9tica e praticidade<\/strong>. Com bra\u00e7os articulados que permitem abertura total ou parcial, esse modelo \u00e9 ideal para <strong>fachadas comerciais, varandas e \u00e1reas externas residenciais<\/strong>.<\/p>\n\n\n\n<p>Al\u00e9m de valorizar o im\u00f3vel, o toldo articulado da Ver\u00e3o Toldos oferece <strong>prote\u00e7\u00e3o contra raios solares<\/strong> e <strong>chuvas leves<\/strong>, sendo uma excelente solu\u00e7\u00e3o para o clima vari\u00e1vel do ABC paulista.<\/p>\n\n\n\n<p>Seu design limpo e discreto harmoniza com qualquer tipo de arquitetura, trazendo um toque de modernidade e funcionalidade ao ambiente.<\/p>\n\n\n\n<figure class=\"wp-block-image size-full is-resized is-style-rounded\"><img fetchpriority=\"high\" decoding=\"async\" width=\"718\" height=\"448\" src=\"https:\/\/veraotoldos.com.br\/blog\/wp-content\/uploads\/2025\/07\/5.jpg\" alt=\"Onde comprar toldo retr\u00e1til articulado: conhe\u00e7a Ver\u00e3o Toldos\" class=\"wp-image-3702\" style=\"width:407px;height:auto\" srcset=\"https:\/\/veraotoldos.com.br\/blog\/wp-content\/uploads\/2025\/07\/5.jpg 718w, https:\/\/veraotoldos.com.br\/blog\/wp-content\/uploads\/2025\/07\/5-300x187.jpg 300w\" sizes=\"(max-width: 718px) 100vw, 718px\" \/><\/figure>\n\n\n\n<h2 class=\"wp-block-heading\"><strong>Toldo pergolado: eleg\u00e2ncia e conforto para \u00e1reas externas<\/strong><\/h2>\n\n\n\n<p>O <strong>toldo pergolado<\/strong> \u00e9 a escolha perfeita para quem deseja <strong>criar espa\u00e7os aconchegantes e sofisticados<\/strong>. Com estrutura robusta e acabamento refinado, ele \u00e9 ideal para <strong>\u00e1reas de lazer, jardins, varandas e espa\u00e7os gourmet<\/strong>.<\/p>\n\n\n\n<p>A Ver\u00e3o Toldos desenvolve modelos sob medida, que podem ser fabricados em diferentes materiais e acabamentos, de acordo com o estilo do cliente.<\/p>\n\n\n\n<p>Al\u00e9m de valor est\u00e9tico, o toldo pergolado proporciona <strong>excelente conforto t\u00e9rmico e prote\u00e7\u00e3o solar<\/strong>, tornando-se uma op\u00e7\u00e3o muito procurada por resid\u00eancias e estabelecimentos comerciais em Santo Andr\u00e9.<\/p>\n\n\n\n<h2 class=\"wp-block-heading\"><strong>T\u00fanel passarela: seguran\u00e7a e cobertura em \u00e1reas de passagem<\/strong><\/h2>\n\n\n\n<p>O <strong>t\u00fanel passarela<\/strong> \u00e9 uma solu\u00e7\u00e3o funcional e segura para \u00e1reas de grande circula\u00e7\u00e3o, como estacionamentos, escolas, condom\u00ednios e empresas.<\/p>\n\n\n\n<p>Esse tipo de cobertura oferece <strong>prote\u00e7\u00e3o total contra sol e chuva<\/strong>, al\u00e9m de ser fabricado com materiais de alta resist\u00eancia, garantindo longa durabilidade.<\/p>\n\n\n\n<p>A Ver\u00e3o Toldos personaliza cada projeto conforme o espa\u00e7o e a necessidade do cliente, garantindo <strong>acabamento profissional e instala\u00e7\u00e3o precisa<\/strong>.<\/p>\n\n\n\n<p>Em Santo Andr\u00e9, os t\u00faneis passarela t\u00eam sido amplamente utilizados para <strong>proteger funcion\u00e1rios, clientes e visitantes<\/strong> em locais de tr\u00e2nsito constante.<\/p>\n\n\n\n<h3 class=\"wp-block-heading\"><strong>Cortinas e solu\u00e7\u00f5es complementares para ambientes externos<\/strong><\/h3>\n\n\n\n<p>Al\u00e9m das coberturas e toldos tradicionais, a <strong>Ver\u00e3o Toldos<\/strong> tamb\u00e9m comercializa <strong>cortinas externas<\/strong>, ideais para complementar a prote\u00e7\u00e3o solar e aumentar a privacidade dos ambientes.<\/p>\n\n\n\n<p>Essas cortinas s\u00e3o fabricadas com <strong>materiais resistentes ao tempo<\/strong> e podem ser integradas aos demais sistemas de toldos, criando um ambiente ainda mais confort\u00e1vel e elegante.<\/p>\n\n\n\n<p>Essa combina\u00e7\u00e3o \u00e9 muito utilizada em <strong>varandas gourmet, \u00e1reas de descanso e estabelecimentos comerciais<\/strong>, garantindo conforto t\u00e9rmico, versatilidade e excelente acabamento.<\/p>\n\n\n\n<h2 class=\"wp-block-heading\"><strong>A melhor op\u00e7\u00e3o em toldos e coberturas em Santo Andr\u00e9 \u00e9 a Ver\u00e3o Toldos<\/strong><\/h2>\n\n\n\n<p>Quando o assunto \u00e9 <strong>toldos e coberturas em Santo Andr\u00e9<\/strong>, a <strong>Ver\u00e3o Toldos<\/strong> \u00e9 refer\u00eancia em qualidade, inova\u00e7\u00e3o e atendimento personalizado.&nbsp;<\/p>\n\n\n\n<p>Com uma linha completa de produtos \u2014 incluindo toldos retr\u00e1teis, cortinas, coberturas fixas, pergolados, t\u00faneis e telhas sandu\u00edche \u2014, a empresa oferece solu\u00e7\u00f5es que unem <strong>prote\u00e7\u00e3o, est\u00e9tica e funcionalidade<\/strong>.<\/p>\n\n\n\n<p>Cada projeto \u00e9 desenvolvido sob medida, com foco na <strong>satisfa\u00e7\u00e3o e necessidade de cada cliente<\/strong>, seja para resid\u00eancias, com\u00e9rcios ou empresas no ABC.<\/p>\n\n\n\n<p><strong>Entre em contato com a Ver\u00e3o Toldos e solicite um or\u00e7amento.&nbsp;<\/strong>Conhe\u00e7a de perto os modelos dispon\u00edveis e transforme seu espa\u00e7o com <strong>design, conforto e qualidade<\/strong> que s\u00f3 uma empresa especialista pode oferecer.<\/p>\n\n\n\n<ul class=\"wp-block-list\">\n<li><a href=\"https:\/\/veraotoldos.com.br\/blog\/toldo-cortina-conheca-todas-as-suas-vantagens-e-onde-encontrar\/\">Toldo cortina: conhe\u00e7a todas as suas vantagens e onde encontrar<br><\/a><\/li>\n<\/ul>\n","protected":false},"excerpt":{"rendered":"<p><span class=\"span-reading-time rt-reading-time\" style=\"display: block;\"><span class=\"rt-label rt-prefix\">Tempo de leitura:<\/span> <span class=\"rt-time\"> 4<\/span> <span class=\"rt-label rt-postfix\">minutos<\/span><\/span>Descubra as melhores op\u00e7\u00f5es de toldos e coberturas em Santo Andr\u00e9 com a Ver\u00e3o Toldos e garanta conforto, estilo e prote\u00e7\u00e3o para seu espa\u00e7o. Os toldos e coberturas em Santo Andr\u00e9 s\u00e3o solu\u00e7\u00f5es indispens\u00e1veis para quem busca conforto, prote\u00e7\u00e3o e est\u00e9tica em resid\u00eancias, com\u00e9rcios e ind\u00fastrias.&nbsp; Na regi\u00e3o do ABC paulista, onde o clima varia entre sol intenso e chuvas fortes, investir em estruturas resistentes e de qualidade \u00e9 essencial para garantir durabilidade e praticidade no dia a dia. Mais do que simples acess\u00f3rios, os toldos e coberturas agregam valor aos ambientes, proporcionando sombra, ventila\u00e7\u00e3o e um visual moderno. &nbsp;E quando o assunto \u00e9 qualidade, a Ver\u00e3o Toldos se destaca como a principal empresa de toldos e coberturas no ABC, oferecendo produtos sob medida e acabamentos que unem funcionalidade e design. Com uma linha completa de solu\u00e7\u00f5es \u2014 incluindo toldos retr\u00e1teis, cortinas, coberturas fixas e pergolados \u2014 a Ver\u00e3o Toldos \u00e9 a escolha ideal para quem busca conforto, beleza e resist\u00eancia em cada projeto. Ver\u00e3o Toldos: refer\u00eancia em toldos e coberturas no ABC Com atua\u00e7\u00e3o consolidada em Santo Andr\u00e9 e toda a regi\u00e3o do ABC paulista, a Ver\u00e3o Toldos \u00e9 uma empresa especializada em projetos personalizados de prote\u00e7\u00e3o solar. S ua miss\u00e3o \u00e9 oferecer produtos de alta durabilidade, com excelente acabamento e adaptados \u00e0s necessidades de cada cliente. A empresa trabalha com materiais de primeira linha e m\u00e3o de obra especializada, garantindo o equil\u00edbrio entre est\u00e9tica e funcionalidade.&nbsp; Al\u00e9m disso, a Ver\u00e3o Toldos atua tanto no setor residencial quanto comercial, atendendo desde pequenas varandas e \u00e1reas gourmet at\u00e9 fachadas de lojas e grandes galp\u00f5es industriais. Escolher a Ver\u00e3o Toldos \u00e9 optar por seguran\u00e7a, eleg\u00e2ncia e conforto t\u00e9rmico em qualquer ambiente. Toldo cortina: versatilidade e prote\u00e7\u00e3o em um s\u00f3 produto O toldo cortina \u00e9 uma das op\u00e7\u00f5es mais vers\u00e1teis da linha da Ver\u00e3o Toldos. Ideal para varandas, garagens, \u00e1reas de lazer e com\u00e9rcios, ele proporciona prote\u00e7\u00e3o contra o sol, vento e chuva, sem comprometer a ilumina\u00e7\u00e3o natural. Dispon\u00edvel em vers\u00f5es manuais e motorizadas, o toldo cortina \u00e9 confeccionado com tecidos e estruturas de alta resist\u00eancia, permitindo fechamento total ou parcial conforme a necessidade. Em Santo Andr\u00e9, esse modelo \u00e9 muito procurado por quem deseja mais privacidade e conforto t\u00e9rmico, sem abrir m\u00e3o de um visual moderno e sofisticado. Cobertura fixa: resist\u00eancia e durabilidade o ano todo A cobertura fixa \u00e9 a escolha ideal para quem precisa de prote\u00e7\u00e3o permanente e robusta. Produzida com materiais de alta qualidade, como alum\u00ednio, a\u00e7o galvanizado e policarbonato, ela \u00e9 indicada para \u00e1reas de garagem, corredores laterais e entradas comerciais. Al\u00e9m de proteger contra sol e chuva, a cobertura fixa da Ver\u00e3o Toldos se destaca pela longa vida \u00fatil e pelo baixo custo de manuten\u00e7\u00e3o, sendo uma das solu\u00e7\u00f5es mais procuradas na regi\u00e3o do ABC. Projetadas sob medida, essas coberturas podem ser personalizadas em diferentes cores e formatos, adaptando-se perfeitamente ao estilo do im\u00f3vel. Toldo retr\u00e1til: praticidade e controle total de luminosidade O toldo retr\u00e1til \u00e9 uma das op\u00e7\u00f5es mais modernas do cat\u00e1logo da Ver\u00e3o Toldos. Ideal para quem busca flexibilidade e praticidade, ele pode ser recolhido ou estendido conforme as condi\u00e7\u00f5es clim\u00e1ticas. Esse modelo \u00e9 muito utilizado em varandas, restaurantes, \u00e1reas gourmet e com\u00e9rcios, permitindo controlar a incid\u00eancia de sol e ampliar o conforto t\u00e9rmico do ambiente. Com estrutura de alum\u00ednio e lona de alta resist\u00eancia, o toldo retr\u00e1til combina design elegante e tecnologia funcional, sendo uma excelente escolha para im\u00f3veis em Santo Andr\u00e9 que precisam de prote\u00e7\u00e3o com versatilidade. Toldos articulados: conforto e estilo em um s\u00f3 produto Os toldos articulados s\u00e3o uma alternativa moderna e sofisticada, perfeita para quem deseja aliar conforto, est\u00e9tica e praticidade. Com bra\u00e7os articulados que permitem abertura total ou parcial, esse modelo \u00e9 ideal para fachadas comerciais, varandas e \u00e1reas externas residenciais. Al\u00e9m de valorizar o im\u00f3vel, o toldo articulado da Ver\u00e3o Toldos oferece prote\u00e7\u00e3o contra raios solares e chuvas leves, sendo uma excelente solu\u00e7\u00e3o para o clima vari\u00e1vel do ABC paulista. Seu design limpo e discreto harmoniza com qualquer tipo de arquitetura, trazendo um toque de modernidade e funcionalidade ao ambiente. Toldo pergolado: eleg\u00e2ncia e conforto para \u00e1reas externas O toldo pergolado \u00e9 a escolha perfeita para quem deseja criar espa\u00e7os aconchegantes e sofisticados. Com estrutura robusta e acabamento refinado, ele \u00e9 ideal para \u00e1reas de lazer, jardins, varandas e espa\u00e7os gourmet. A Ver\u00e3o Toldos desenvolve modelos sob medida, que podem ser fabricados em diferentes materiais e acabamentos, de acordo com o estilo do cliente. Al\u00e9m de valor est\u00e9tico, o toldo pergolado proporciona excelente conforto t\u00e9rmico e prote\u00e7\u00e3o solar, tornando-se uma op\u00e7\u00e3o muito procurada por resid\u00eancias e estabelecimentos comerciais em Santo Andr\u00e9. T\u00fanel passarela: seguran\u00e7a e cobertura em \u00e1reas de passagem O t\u00fanel passarela \u00e9 uma solu\u00e7\u00e3o funcional e segura para \u00e1reas de grande circula\u00e7\u00e3o, como estacionamentos, escolas, condom\u00ednios e empresas. Esse tipo de cobertura oferece prote\u00e7\u00e3o total contra sol e chuva, al\u00e9m de ser fabricado com materiais de alta resist\u00eancia, garantindo longa durabilidade. A Ver\u00e3o Toldos personaliza cada projeto conforme o espa\u00e7o e a necessidade do cliente, garantindo acabamento profissional e instala\u00e7\u00e3o precisa. Em Santo Andr\u00e9, os t\u00faneis passarela t\u00eam sido amplamente utilizados para proteger funcion\u00e1rios, clientes e visitantes em locais de tr\u00e2nsito constante. Cortinas e solu\u00e7\u00f5es complementares para ambientes externos Al\u00e9m das coberturas e toldos tradicionais, a Ver\u00e3o Toldos tamb\u00e9m comercializa cortinas externas, ideais para complementar a prote\u00e7\u00e3o solar e aumentar a privacidade dos ambientes. Essas cortinas s\u00e3o fabricadas com materiais resistentes ao tempo e podem ser integradas aos demais sistemas de toldos, criando um ambiente ainda mais confort\u00e1vel e elegante. Essa combina\u00e7\u00e3o \u00e9 muito utilizada em varandas gourmet, \u00e1reas de descanso e estabelecimentos comerciais, garantindo conforto t\u00e9rmico, versatilidade e excelente acabamento. A melhor op\u00e7\u00e3o em toldos e coberturas em Santo Andr\u00e9 \u00e9 a Ver\u00e3o Toldos Quando o assunto \u00e9 toldos e coberturas em Santo Andr\u00e9, a Ver\u00e3o Toldos \u00e9 refer\u00eancia em qualidade, inova\u00e7\u00e3o e atendimento personalizado.&nbsp; Com uma linha completa de produtos \u2014 incluindo toldos retr\u00e1teis, cortinas, coberturas fixas, pergolados, t\u00faneis e telhas sandu\u00edche \u2014, a empresa oferece solu\u00e7\u00f5es que unem prote\u00e7\u00e3o, est\u00e9tica e<\/p>\n","protected":false},"author":1,"featured_media":3732,"comment_status":"open","ping_status":"open","sticky":false,"template":"","format":"standard","meta":{"footnotes":""},"categories":[2145],"tags":[2357,2365,2373,2370,2352,2422,2428,2418,2426,2425,2423,2424,2427,2429,2364,2367,2368,2369,2363,2372,2354,2371,2362,2361,1965,2358,2375,2381,2415,2420,2417,2419,2416,2398,2384,2393,2414,2397,2413,2400,2395,2379,2412,2351,2402,2394,2378,2421,2376,2396,2407,2405,2410,2406,2387,2404,2401,2382,2403,2411,2386,2390,2385,2383,2263,2389,2392,2409,2391,2388,2399,2408,2374,2366,2355,2435,2432,2430,2431,2434,2433,2436,2377,2380,2353,2356,2360,2359,2031],"class_list":["post-3731","post","type-post","status-publish","format-standard","has-post-thumbnail","hentry","category-toldos","tag-cobertura-fixa-em-santo-andre","tag-coberturas-industriais","tag-distribuidor-de-toldos-e-coberturas","tag-distribuidora-de-toldos-e-coberturas","tag-empresa-de-toldos-e-coberturas","tag-empresa-de-toldos-e-coberturas-em-aruja","tag-empresa-de-toldos-e-coberturas-em-atibaia","tag-empresa-de-toldos-e-coberturas-em-barueri","tag-empresa-de-toldos-e-coberturas-em-caieiras","tag-empresa-de-toldos-e-coberturas-em-cotia","tag-empresa-de-toldos-e-coberturas-em-itapevi","tag-empresa-de-toldos-e-coberturas-em-mogi-das-cruzes","tag-empresa-de-toldos-e-coberturas-em-santa-isabel","tag-empresa-de-toldos-e-coberturas-em-sao-roque","tag-fabrica-de-toldos-e-coberturas","tag-fabricacao-de-toldos-sob-medida","tag-fabricante-de-toldos-e-coberturas","tag-fornecedor-de-toldos-e-coberturas","tag-instalacao-de-toldos-em-santo-andre","tag-loja-de-toldos-e-coberturas","tag-onde-comprar-toldos-e-coberturas-em-santo-andre","tag-revendedor-de-toldos-e-coberturas","tag-solucoes-em-protecao-solar","tag-telha-sanduiche","tag-toldo-cortina","tag-toldo-pergolado","tag-toldos-e-coberturas-comprar","tag-toldos-e-coberturas-direto-da-fabrica","tag-toldos-e-coberturas-em-aruja","tag-toldos-e-coberturas-em-atibaia","tag-toldos-e-coberturas-em-barueri","tag-toldos-e-coberturas-em-caieiras","tag-toldos-e-coberturas-em-cotia","tag-toldos-e-coberturas-em-diadema","tag-toldos-e-coberturas-em-ferraz-de-vasconcelos","tag-toldos-e-coberturas-em-guarulhos","tag-toldos-e-coberturas-em-itapevi","tag-toldos-e-coberturas-em-itaquaquecetuba","tag-toldos-e-coberturas-em-mogi-das-cruzes","tag-toldos-e-coberturas-em-osasco","tag-toldos-e-coberturas-em-poa","tag-toldos-e-coberturas-em-promocao","tag-toldos-e-coberturas-em-santa-isabel","tag-toldos-e-coberturas-em-santo-andre","tag-toldos-e-coberturas-em-sao-bernardo","tag-toldos-e-coberturas-em-sao-caetano","tag-toldos-e-coberturas-em-sao-paulo","tag-toldos-e-coberturas-em-sao-roque","tag-toldos-e-coberturas-em-sp","tag-toldos-e-coberturas-em-suzano","tag-toldos-e-coberturas-na-baixada-santista","tag-toldos-e-coberturas-na-penha","tag-toldos-e-coberturas-na-vila-alpina","tag-toldos-e-coberturas-na-vila-carrao","tag-toldos-e-coberturas-na-vila-conceicao","tag-toldos-e-coberturas-na-vila-formosa","tag-toldos-e-coberturas-na-vila-maria","tag-toldos-e-coberturas-na-vila-pereira","tag-toldos-e-coberturas-na-vila-prudente","tag-toldos-e-coberturas-na-vila-zelina","tag-toldos-e-coberturas-na-zona-leste","tag-toldos-e-coberturas-na-zona-norte","tag-toldos-e-coberturas-na-zona-oeste","tag-toldos-e-coberturas-na-zona-sul","tag-toldos-e-coberturas-no-abc","tag-toldos-e-coberturas-no-centro","tag-toldos-e-coberturas-no-itaim-paulista","tag-toldos-e-coberturas-no-jardim-avelino","tag-toldos-e-coberturas-no-jardim-nelia","tag-toldos-e-coberturas-no-jardim-santa-helena","tag-toldos-e-coberturas-no-parque-novo-mundo","tag-toldos-e-coberturas-no-tatuape","tag-toldos-e-coberturas-onde-encontrar","tag-toldos-e-coberturas-personalizadas","tag-toldos-e-coberturas-perto-de-mim","tag-toldos-e-coberturas-perto-de-mim-em-aruja","tag-toldos-e-coberturas-perto-de-mim-em-atibaia","tag-toldos-e-coberturas-perto-de-mim-em-barueri","tag-toldos-e-coberturas-perto-de-mim-em-cotia","tag-toldos-e-coberturas-perto-de-mim-em-itapevi","tag-toldos-e-coberturas-perto-de-mim-em-mogi-das-cruzes","tag-toldos-e-coberturas-perto-de-mim-em-sao-roque","tag-toldos-e-coberturas-preco","tag-toldos-e-coberturas-proximo-a-mim","tag-toldos-e-coberturas-retratil","tag-toldos-no-abc-paulista","tag-toldos-residenciais","tag-tunel-passarela","tag-verao-toldos"],"yoast_head":"<!-- This site is optimized with the Yoast SEO plugin v25.7 - https:\/\/yoast.com\/wordpress\/plugins\/seo\/ -->\n<title>Toldos e coberturas em Santo Andr\u00e9 \u00e9 na Ver\u00e3o Toldos<\/title>\n<meta name=\"description\" content=\"Descubra as melhores op\u00e7\u00f5es de toldos e coberturas em Santo Andr\u00e9 com a Ver\u00e3o Toldos e garanta conforto, estilo e prote\u00e7\u00e3o para seu espa\u00e7o.\" \/>\n<meta name=\"robots\" content=\"index, follow, max-snippet:-1, max-image-preview:large, max-video-preview:-1\" \/>\n<link rel=\"canonical\" href=\"https:\/\/veraotoldos.com.br\/blog\/toldos-e-coberturas-em-santo-andre-e-na-verao-toldos\/\" \/>\n<meta property=\"og:locale\" content=\"pt_BR\" \/>\n<meta property=\"og:type\" content=\"article\" \/>\n<meta property=\"og:title\" content=\"Toldos e coberturas em Santo Andr\u00e9 \u00e9 na Ver\u00e3o Toldos\" \/>\n<meta property=\"og:description\" content=\"Descubra as melhores op\u00e7\u00f5es de toldos e coberturas em Santo Andr\u00e9 com a Ver\u00e3o Toldos e garanta conforto, estilo e prote\u00e7\u00e3o para seu espa\u00e7o.\" \/>\n<meta property=\"og:url\" content=\"https:\/\/veraotoldos.com.br\/blog\/toldos-e-coberturas-em-santo-andre-e-na-verao-toldos\/\" \/>\n<meta property=\"og:site_name\" content=\"Ver\u00e3o Toldos\" \/>\n<meta property=\"article:published_time\" content=\"2025-12-17T11:59:42+00:00\" \/>\n<meta property=\"article:modified_time\" content=\"2026-02-20T12:23:12+00:00\" \/>\n<meta property=\"og:image\" content=\"https:\/\/veraotoldos.com.br\/blog\/wp-content\/uploads\/2025\/12\/cobertura-fixa01.jpg\" \/>\n\t<meta property=\"og:image:width\" content=\"800\" \/>\n\t<meta property=\"og:image:height\" content=\"600\" \/>\n\t<meta property=\"og:image:type\" content=\"image\/jpeg\" \/>\n<meta name=\"author\" content=\"admin\" \/>\n<meta name=\"twitter:card\" content=\"summary_large_image\" \/>\n<meta name=\"twitter:label1\" content=\"Escrito por\" \/>\n\t<meta name=\"twitter:data1\" content=\"admin\" \/>\n\t<meta name=\"twitter:label2\" content=\"Est. tempo de leitura\" \/>\n\t<meta name=\"twitter:data2\" content=\"7 minutos\" \/>\n<script type=\"application\/ld+json\" class=\"yoast-schema-graph\">{\"@context\":\"https:\/\/schema.org\",\"@graph\":[{\"@type\":\"Article\",\"@id\":\"https:\/\/veraotoldos.com.br\/blog\/toldos-e-coberturas-em-santo-andre-e-na-verao-toldos\/#article\",\"isPartOf\":{\"@id\":\"https:\/\/veraotoldos.com.br\/blog\/toldos-e-coberturas-em-santo-andre-e-na-verao-toldos\/\"},\"author\":{\"name\":\"admin\",\"@id\":\"https:\/\/veraotoldos.com.br\/blog\/#\/schema\/person\/7fa27f05ae44d5adf03049fe835c2665\"},\"headline\":\"Toldos e coberturas em Santo Andr\u00e9: encontre as melhores op\u00e7\u00f5es na Ver\u00e3o Toldos\",\"datePublished\":\"2025-12-17T11:59:42+00:00\",\"dateModified\":\"2026-02-20T12:23:12+00:00\",\"mainEntityOfPage\":{\"@id\":\"https:\/\/veraotoldos.com.br\/blog\/toldos-e-coberturas-em-santo-andre-e-na-verao-toldos\/\"},\"wordCount\":1220,\"commentCount\":0,\"publisher\":{\"@id\":\"https:\/\/veraotoldos.com.br\/blog\/#organization\"},\"image\":{\"@id\":\"https:\/\/veraotoldos.com.br\/blog\/toldos-e-coberturas-em-santo-andre-e-na-verao-toldos\/#primaryimage\"},\"thumbnailUrl\":\"https:\/\/veraotoldos.com.br\/blog\/wp-content\/uploads\/2025\/12\/cobertura-fixa01.jpg\",\"keywords\":[\"cobertura fixa em Santo Andr\u00e9\",\"coberturas industriais\",\"distribuidor de toldos e coberturas\",\"distribuidora de toldos e coberturas\",\"empresa de toldos e coberturas\",\"empresa de toldos e coberturas em Aruj\u00e1\",\"empresa de toldos e coberturas em Atibaia\",\"empresa de toldos e coberturas em Barueri\",\"empresa de toldos e coberturas em Caieiras\",\"empresa de toldos e coberturas em Cotia\",\"empresa de toldos e coberturas em Itapevi\",\"empresa de toldos e coberturas em Mogi das Cruzes\",\"empresa de toldos e coberturas em Santa Isabel\",\"empresa de toldos e coberturas em S\u00e3o Roque\",\"f\u00e1brica de toldos e coberturas\",\"fabrica\u00e7\u00e3o de toldos sob medida\",\"fabricante de toldos e coberturas\",\"fornecedor de toldos e coberturas\",\"instala\u00e7\u00e3o de toldos em Santo Andr\u00e9\",\"loja de toldos e coberturas\",\"onde comprar toldos e coberturas em Santo Andr\u00e9\",\"revendedor de toldos e coberturas\",\"solu\u00e7\u00f5es em prote\u00e7\u00e3o solar\",\"telha sandu\u00edche\",\"toldo cortina\",\"toldo pergolado\",\"toldos e coberturas comprar\",\"toldos e coberturas direto da f\u00e1brica\",\"toldos e coberturas em Aruj\u00e1\",\"toldos e coberturas em Atibaia\",\"toldos e coberturas em Barueri\",\"toldos e coberturas em Caieiras\",\"toldos e coberturas em Cotia\",\"toldos e coberturas em Diadema\",\"toldos e coberturas em Ferraz de Vasconcelos\",\"toldos e coberturas em Guarulhos\",\"toldos e coberturas em Itapevi\",\"toldos e coberturas em Itaquaquecetuba\",\"toldos e coberturas em Mogi das Cruzes\",\"toldos e coberturas em Osasco\",\"toldos e coberturas em Po\u00e1\",\"toldos e coberturas em promo\u00e7\u00e3o\",\"toldos e coberturas em Santa Isabel\",\"toldos e coberturas em Santo Andr\u00e9\",\"toldos e coberturas em S\u00e3o Bernardo\",\"toldos e coberturas em S\u00e3o Caetano\",\"toldos e coberturas em s\u00e3o paulo\",\"toldos e coberturas em S\u00e3o Roque\",\"toldos e coberturas em sp\",\"toldos e coberturas em Suzano\",\"toldos e coberturas na baixada santista\",\"toldos e coberturas na Penha\",\"toldos e coberturas na Vila Alpina\",\"toldos e coberturas na Vila Carr\u00e3o\",\"toldos e coberturas na Vila Concei\u00e7\u00e3o\",\"toldos e coberturas na Vila Formosa\",\"toldos e coberturas na Vila Maria\",\"toldos e coberturas na Vila Pereira\",\"toldos e coberturas na Vila Prudente\",\"toldos e coberturas na Vila Zelina\",\"toldos e coberturas na zona leste\",\"toldos e coberturas na zona norte\",\"toldos e coberturas na zona oeste\",\"toldos e coberturas na zona sul\",\"toldos e coberturas no ABC\",\"toldos e coberturas no centro\",\"toldos e coberturas no Itaim Paulista\",\"toldos e coberturas no Jardim Avelino\",\"toldos e coberturas no Jardim N\u00e9lia\",\"toldos e coberturas no Jardim Santa Helena\",\"toldos e coberturas no Parque Novo Mundo\",\"toldos e coberturas no Tatuap\u00e9\",\"toldos e coberturas onde encontrar\",\"toldos e coberturas personalizadas\",\"toldos e coberturas perto de mim\",\"toldos e coberturas perto de mim em Aruj\u00e1\",\"toldos e coberturas perto de mim em Atibaia\",\"toldos e coberturas perto de mim em Barueri\",\"toldos e coberturas perto de mim em Cotia\",\"toldos e coberturas perto de mim em Itapevi\",\"toldos e coberturas perto de mim em Mogi das Cruzes\",\"toldos e coberturas perto de mim em S\u00e3o Roque\",\"toldos e coberturas pre\u00e7o\",\"toldos e coberturas pr\u00f3ximo a mim\",\"toldos e coberturas retr\u00e1til\",\"toldos no ABC paulista\",\"toldos residenciais\",\"t\u00fanel passarela\",\"Ver\u00e3o Toldos\"],\"articleSection\":[\"toldos\"],\"inLanguage\":\"pt-BR\",\"potentialAction\":[{\"@type\":\"CommentAction\",\"name\":\"Comment\",\"target\":[\"https:\/\/veraotoldos.com.br\/blog\/toldos-e-coberturas-em-santo-andre-e-na-verao-toldos\/#respond\"]}]},{\"@type\":\"WebPage\",\"@id\":\"https:\/\/veraotoldos.com.br\/blog\/toldos-e-coberturas-em-santo-andre-e-na-verao-toldos\/\",\"url\":\"https:\/\/veraotoldos.com.br\/blog\/toldos-e-coberturas-em-santo-andre-e-na-verao-toldos\/\",\"name\":\"Toldos e coberturas em Santo Andr\u00e9 \u00e9 na Ver\u00e3o Toldos\",\"isPartOf\":{\"@id\":\"https:\/\/veraotoldos.com.br\/blog\/#website\"},\"primaryImageOfPage\":{\"@id\":\"https:\/\/veraotoldos.com.br\/blog\/toldos-e-coberturas-em-santo-andre-e-na-verao-toldos\/#primaryimage\"},\"image\":{\"@id\":\"https:\/\/veraotoldos.com.br\/blog\/toldos-e-coberturas-em-santo-andre-e-na-verao-toldos\/#primaryimage\"},\"thumbnailUrl\":\"https:\/\/veraotoldos.com.br\/blog\/wp-content\/uploads\/2025\/12\/cobertura-fixa01.jpg\",\"datePublished\":\"2025-12-17T11:59:42+00:00\",\"dateModified\":\"2026-02-20T12:23:12+00:00\",\"description\":\"Descubra as melhores op\u00e7\u00f5es de toldos e coberturas em Santo Andr\u00e9 com a Ver\u00e3o Toldos e garanta conforto, estilo e prote\u00e7\u00e3o para seu espa\u00e7o.\",\"breadcrumb\":{\"@id\":\"https:\/\/veraotoldos.com.br\/blog\/toldos-e-coberturas-em-santo-andre-e-na-verao-toldos\/#breadcrumb\"},\"inLanguage\":\"pt-BR\",\"potentialAction\":[{\"@type\":\"ReadAction\",\"target\":[\"https:\/\/veraotoldos.com.br\/blog\/toldos-e-coberturas-em-santo-andre-e-na-verao-toldos\/\"]}]},{\"@type\":\"ImageObject\",\"inLanguage\":\"pt-BR\",\"@id\":\"https:\/\/veraotoldos.com.br\/blog\/toldos-e-coberturas-em-santo-andre-e-na-verao-toldos\/#primaryimage\",\"url\":\"https:\/\/veraotoldos.com.br\/blog\/wp-content\/uploads\/2025\/12\/cobertura-fixa01.jpg\",\"contentUrl\":\"https:\/\/veraotoldos.com.br\/blog\/wp-content\/uploads\/2025\/12\/cobertura-fixa01.jpg\",\"width\":800,\"height\":600,\"caption\":\"Toldos e coberturas em Santo Andr\u00e9: encontre as melhores op\u00e7\u00f5es na Ver\u00e3o Toldos\"},{\"@type\":\"BreadcrumbList\",\"@id\":\"https:\/\/veraotoldos.com.br\/blog\/toldos-e-coberturas-em-santo-andre-e-na-verao-toldos\/#breadcrumb\",\"itemListElement\":[{\"@type\":\"ListItem\",\"position\":1,\"name\":\"In\u00edcio\",\"item\":\"https:\/\/veraotoldos.com.br\/blog\/\"},{\"@type\":\"ListItem\",\"position\":2,\"name\":\"Toldos e coberturas em Santo Andr\u00e9: encontre as melhores op\u00e7\u00f5es na Ver\u00e3o Toldos\"}]},{\"@type\":\"WebSite\",\"@id\":\"https:\/\/veraotoldos.com.br\/blog\/#website\",\"url\":\"https:\/\/veraotoldos.com.br\/blog\/\",\"name\":\"Ver\u00e3o Toldos\",\"description\":\"\",\"publisher\":{\"@id\":\"https:\/\/veraotoldos.com.br\/blog\/#organization\"},\"potentialAction\":[{\"@type\":\"SearchAction\",\"target\":{\"@type\":\"EntryPoint\",\"urlTemplate\":\"https:\/\/veraotoldos.com.br\/blog\/?s={search_term_string}\"},\"query-input\":{\"@type\":\"PropertyValueSpecification\",\"valueRequired\":true,\"valueName\":\"search_term_string\"}}],\"inLanguage\":\"pt-BR\"},{\"@type\":\"Organization\",\"@id\":\"https:\/\/veraotoldos.com.br\/blog\/#organization\",\"name\":\"Ver\u00e3o Toldos\",\"url\":\"https:\/\/veraotoldos.com.br\/blog\/\",\"logo\":{\"@type\":\"ImageObject\",\"inLanguage\":\"pt-BR\",\"@id\":\"https:\/\/veraotoldos.com.br\/blog\/#\/schema\/logo\/image\/\",\"url\":\"https:\/\/veraotoldos.com.br\/blog\/wp-content\/uploads\/2025\/07\/imagem_2025-07-08_101007146.png\",\"contentUrl\":\"https:\/\/veraotoldos.com.br\/blog\/wp-content\/uploads\/2025\/07\/imagem_2025-07-08_101007146.png\",\"width\":570,\"height\":211,\"caption\":\"Ver\u00e3o Toldos\"},\"image\":{\"@id\":\"https:\/\/veraotoldos.com.br\/blog\/#\/schema\/logo\/image\/\"}},{\"@type\":\"Person\",\"@id\":\"https:\/\/veraotoldos.com.br\/blog\/#\/schema\/person\/7fa27f05ae44d5adf03049fe835c2665\",\"name\":\"admin\",\"image\":{\"@type\":\"ImageObject\",\"inLanguage\":\"pt-BR\",\"@id\":\"https:\/\/veraotoldos.com.br\/blog\/#\/schema\/person\/image\/\",\"url\":\"https:\/\/secure.gravatar.com\/avatar\/d2abb7e535a7590a6f9b76c75c90ec5441db3a04a205e6d66ecabfb80081f172?s=96&d=mm&r=g\",\"contentUrl\":\"https:\/\/secure.gravatar.com\/avatar\/d2abb7e535a7590a6f9b76c75c90ec5441db3a04a205e6d66ecabfb80081f172?s=96&d=mm&r=g\",\"caption\":\"admin\"},\"sameAs\":[\"https:\/\/veraotoldos.com.br\/blog\/\"],\"url\":\"https:\/\/veraotoldos.com.br\/blog\/author\/admin\/\"}]}<\/script>\n<!-- \/ Yoast SEO plugin. -->","yoast_head_json":{"title":"Toldos e coberturas em Santo Andr\u00e9 \u00e9 na Ver\u00e3o Toldos","description":"Descubra as melhores op\u00e7\u00f5es de toldos e coberturas em Santo Andr\u00e9 com a Ver\u00e3o Toldos e garanta conforto, estilo e prote\u00e7\u00e3o para seu espa\u00e7o.","robots":{"index":"index","follow":"follow","max-snippet":"max-snippet:-1","max-image-preview":"max-image-preview:large","max-video-preview":"max-video-preview:-1"},"canonical":"https:\/\/veraotoldos.com.br\/blog\/toldos-e-coberturas-em-santo-andre-e-na-verao-toldos\/","og_locale":"pt_BR","og_type":"article","og_title":"Toldos e coberturas em Santo Andr\u00e9 \u00e9 na Ver\u00e3o Toldos","og_description":"Descubra as melhores op\u00e7\u00f5es de toldos e coberturas em Santo Andr\u00e9 com a Ver\u00e3o Toldos e garanta conforto, estilo e prote\u00e7\u00e3o para seu espa\u00e7o.","og_url":"https:\/\/veraotoldos.com.br\/blog\/toldos-e-coberturas-em-santo-andre-e-na-verao-toldos\/","og_site_name":"Ver\u00e3o Toldos","article_published_time":"2025-12-17T11:59:42+00:00","article_modified_time":"2026-02-20T12:23:12+00:00","og_image":[{"width":800,"height":600,"url":"https:\/\/veraotoldos.com.br\/blog\/wp-content\/uploads\/2025\/12\/cobertura-fixa01.jpg","type":"image\/jpeg"}],"author":"admin","twitter_card":"summary_large_image","twitter_misc":{"Escrito por":"admin","Est. tempo de leitura":"7 minutos"},"schema":{"@context":"https:\/\/schema.org","@graph":[{"@type":"Article","@id":"https:\/\/veraotoldos.com.br\/blog\/toldos-e-coberturas-em-santo-andre-e-na-verao-toldos\/#article","isPartOf":{"@id":"https:\/\/veraotoldos.com.br\/blog\/toldos-e-coberturas-em-santo-andre-e-na-verao-toldos\/"},"author":{"name":"admin","@id":"https:\/\/veraotoldos.com.br\/blog\/#\/schema\/person\/7fa27f05ae44d5adf03049fe835c2665"},"headline":"Toldos e coberturas em Santo Andr\u00e9: encontre as melhores op\u00e7\u00f5es na Ver\u00e3o Toldos","datePublished":"2025-12-17T11:59:42+00:00","dateModified":"2026-02-20T12:23:12+00:00","mainEntityOfPage":{"@id":"https:\/\/veraotoldos.com.br\/blog\/toldos-e-coberturas-em-santo-andre-e-na-verao-toldos\/"},"wordCount":1220,"commentCount":0,"publisher":{"@id":"https:\/\/veraotoldos.com.br\/blog\/#organization"},"image":{"@id":"https:\/\/veraotoldos.com.br\/blog\/toldos-e-coberturas-em-santo-andre-e-na-verao-toldos\/#primaryimage"},"thumbnailUrl":"https:\/\/veraotoldos.com.br\/blog\/wp-content\/uploads\/2025\/12\/cobertura-fixa01.jpg","keywords":["cobertura fixa em Santo Andr\u00e9","coberturas industriais","distribuidor de toldos e coberturas","distribuidora de toldos e coberturas","empresa de toldos e coberturas","empresa de toldos e coberturas em Aruj\u00e1","empresa de toldos e coberturas em Atibaia","empresa de toldos e coberturas em Barueri","empresa de toldos e coberturas em Caieiras","empresa de toldos e coberturas em Cotia","empresa de toldos e coberturas em Itapevi","empresa de toldos e coberturas em Mogi das Cruzes","empresa de toldos e coberturas em Santa Isabel","empresa de toldos e coberturas em S\u00e3o Roque","f\u00e1brica de toldos e coberturas","fabrica\u00e7\u00e3o de toldos sob medida","fabricante de toldos e coberturas","fornecedor de toldos e coberturas","instala\u00e7\u00e3o de toldos em Santo Andr\u00e9","loja de toldos e coberturas","onde comprar toldos e coberturas em Santo Andr\u00e9","revendedor de toldos e coberturas","solu\u00e7\u00f5es em prote\u00e7\u00e3o solar","telha sandu\u00edche","toldo cortina","toldo pergolado","toldos e coberturas comprar","toldos e coberturas direto da f\u00e1brica","toldos e coberturas em Aruj\u00e1","toldos e coberturas em Atibaia","toldos e coberturas em Barueri","toldos e coberturas em Caieiras","toldos e coberturas em Cotia","toldos e coberturas em Diadema","toldos e coberturas em Ferraz de Vasconcelos","toldos e coberturas em Guarulhos","toldos e coberturas em Itapevi","toldos e coberturas em Itaquaquecetuba","toldos e coberturas em Mogi das Cruzes","toldos e coberturas em Osasco","toldos e coberturas em Po\u00e1","toldos e coberturas em promo\u00e7\u00e3o","toldos e coberturas em Santa Isabel","toldos e coberturas em Santo Andr\u00e9","toldos e coberturas em S\u00e3o Bernardo","toldos e coberturas em S\u00e3o Caetano","toldos e coberturas em s\u00e3o paulo","toldos e coberturas em S\u00e3o Roque","toldos e coberturas em sp","toldos e coberturas em Suzano","toldos e coberturas na baixada santista","toldos e coberturas na Penha","toldos e coberturas na Vila Alpina","toldos e coberturas na Vila Carr\u00e3o","toldos e coberturas na Vila Concei\u00e7\u00e3o","toldos e coberturas na Vila Formosa","toldos e coberturas na Vila Maria","toldos e coberturas na Vila Pereira","toldos e coberturas na Vila Prudente","toldos e coberturas na Vila Zelina","toldos e coberturas na zona leste","toldos e coberturas na zona norte","toldos e coberturas na zona oeste","toldos e coberturas na zona sul","toldos e coberturas no ABC","toldos e coberturas no centro","toldos e coberturas no Itaim Paulista","toldos e coberturas no Jardim Avelino","toldos e coberturas no Jardim N\u00e9lia","toldos e coberturas no Jardim Santa Helena","toldos e coberturas no Parque Novo Mundo","toldos e coberturas no Tatuap\u00e9","toldos e coberturas onde encontrar","toldos e coberturas personalizadas","toldos e coberturas perto de mim","toldos e coberturas perto de mim em Aruj\u00e1","toldos e coberturas perto de mim em Atibaia","toldos e coberturas perto de mim em Barueri","toldos e coberturas perto de mim em Cotia","toldos e coberturas perto de mim em Itapevi","toldos e coberturas perto de mim em Mogi das Cruzes","toldos e coberturas perto de mim em S\u00e3o Roque","toldos e coberturas pre\u00e7o","toldos e coberturas pr\u00f3ximo a mim","toldos e coberturas retr\u00e1til","toldos no ABC paulista","toldos residenciais","t\u00fanel passarela","Ver\u00e3o Toldos"],"articleSection":["toldos"],"inLanguage":"pt-BR","potentialAction":[{"@type":"CommentAction","name":"Comment","target":["https:\/\/veraotoldos.com.br\/blog\/toldos-e-coberturas-em-santo-andre-e-na-verao-toldos\/#respond"]}]},{"@type":"WebPage","@id":"https:\/\/veraotoldos.com.br\/blog\/toldos-e-coberturas-em-santo-andre-e-na-verao-toldos\/","url":"https:\/\/veraotoldos.com.br\/blog\/toldos-e-coberturas-em-santo-andre-e-na-verao-toldos\/","name":"Toldos e coberturas em Santo Andr\u00e9 \u00e9 na Ver\u00e3o Toldos","isPartOf":{"@id":"https:\/\/veraotoldos.com.br\/blog\/#website"},"primaryImageOfPage":{"@id":"https:\/\/veraotoldos.com.br\/blog\/toldos-e-coberturas-em-santo-andre-e-na-verao-toldos\/#primaryimage"},"image":{"@id":"https:\/\/veraotoldos.com.br\/blog\/toldos-e-coberturas-em-santo-andre-e-na-verao-toldos\/#primaryimage"},"thumbnailUrl":"https:\/\/veraotoldos.com.br\/blog\/wp-content\/uploads\/2025\/12\/cobertura-fixa01.jpg","datePublished":"2025-12-17T11:59:42+00:00","dateModified":"2026-02-20T12:23:12+00:00","description":"Descubra as melhores op\u00e7\u00f5es de toldos e coberturas em Santo Andr\u00e9 com a Ver\u00e3o Toldos e garanta conforto, estilo e prote\u00e7\u00e3o para seu espa\u00e7o.","breadcrumb":{"@id":"https:\/\/veraotoldos.com.br\/blog\/toldos-e-coberturas-em-santo-andre-e-na-verao-toldos\/#breadcrumb"},"inLanguage":"pt-BR","potentialAction":[{"@type":"ReadAction","target":["https:\/\/veraotoldos.com.br\/blog\/toldos-e-coberturas-em-santo-andre-e-na-verao-toldos\/"]}]},{"@type":"ImageObject","inLanguage":"pt-BR","@id":"https:\/\/veraotoldos.com.br\/blog\/toldos-e-coberturas-em-santo-andre-e-na-verao-toldos\/#primaryimage","url":"https:\/\/veraotoldos.com.br\/blog\/wp-content\/uploads\/2025\/12\/cobertura-fixa01.jpg","contentUrl":"https:\/\/veraotoldos.com.br\/blog\/wp-content\/uploads\/2025\/12\/cobertura-fixa01.jpg","width":800,"height":600,"caption":"Toldos e coberturas em Santo Andr\u00e9: encontre as melhores op\u00e7\u00f5es na Ver\u00e3o Toldos"},{"@type":"BreadcrumbList","@id":"https:\/\/veraotoldos.com.br\/blog\/toldos-e-coberturas-em-santo-andre-e-na-verao-toldos\/#breadcrumb","itemListElement":[{"@type":"ListItem","position":1,"name":"In\u00edcio","item":"https:\/\/veraotoldos.com.br\/blog\/"},{"@type":"ListItem","position":2,"name":"Toldos e coberturas em Santo Andr\u00e9: encontre as melhores op\u00e7\u00f5es na Ver\u00e3o Toldos"}]},{"@type":"WebSite","@id":"https:\/\/veraotoldos.com.br\/blog\/#website","url":"https:\/\/veraotoldos.com.br\/blog\/","name":"Ver\u00e3o Toldos","description":"","publisher":{"@id":"https:\/\/veraotoldos.com.br\/blog\/#organization"},"potentialAction":[{"@type":"SearchAction","target":{"@type":"EntryPoint","urlTemplate":"https:\/\/veraotoldos.com.br\/blog\/?s={search_term_string}"},"query-input":{"@type":"PropertyValueSpecification","valueRequired":true,"valueName":"search_term_string"}}],"inLanguage":"pt-BR"},{"@type":"Organization","@id":"https:\/\/veraotoldos.com.br\/blog\/#organization","name":"Ver\u00e3o Toldos","url":"https:\/\/veraotoldos.com.br\/blog\/","logo":{"@type":"ImageObject","inLanguage":"pt-BR","@id":"https:\/\/veraotoldos.com.br\/blog\/#\/schema\/logo\/image\/","url":"https:\/\/veraotoldos.com.br\/blog\/wp-content\/uploads\/2025\/07\/imagem_2025-07-08_101007146.png","contentUrl":"https:\/\/veraotoldos.com.br\/blog\/wp-content\/uploads\/2025\/07\/imagem_2025-07-08_101007146.png","width":570,"height":211,"caption":"Ver\u00e3o Toldos"},"image":{"@id":"https:\/\/veraotoldos.com.br\/blog\/#\/schema\/logo\/image\/"}},{"@type":"Person","@id":"https:\/\/veraotoldos.com.br\/blog\/#\/schema\/person\/7fa27f05ae44d5adf03049fe835c2665","name":"admin","image":{"@type":"ImageObject","inLanguage":"pt-BR","@id":"https:\/\/veraotoldos.com.br\/blog\/#\/schema\/person\/image\/","url":"https:\/\/secure.gravatar.com\/avatar\/d2abb7e535a7590a6f9b76c75c90ec5441db3a04a205e6d66ecabfb80081f172?s=96&d=mm&r=g","contentUrl":"https:\/\/secure.gravatar.com\/avatar\/d2abb7e535a7590a6f9b76c75c90ec5441db3a04a205e6d66ecabfb80081f172?s=96&d=mm&r=g","caption":"admin"},"sameAs":["https:\/\/veraotoldos.com.br\/blog\/"],"url":"https:\/\/veraotoldos.com.br\/blog\/author\/admin\/"}]}},"_links":{"self":[{"href":"https:\/\/veraotoldos.com.br\/blog\/wp-json\/wp\/v2\/posts\/3731","targetHints":{"allow":["GET"]}}],"collection":[{"href":"https:\/\/veraotoldos.com.br\/blog\/wp-json\/wp\/v2\/posts"}],"about":[{"href":"https:\/\/veraotoldos.com.br\/blog\/wp-json\/wp\/v2\/types\/post"}],"author":[{"embeddable":true,"href":"https:\/\/veraotoldos.com.br\/blog\/wp-json\/wp\/v2\/users\/1"}],"replies":[{"embeddable":true,"href":"https:\/\/veraotoldos.com.br\/blog\/wp-json\/wp\/v2\/comments?post=3731"}],"version-history":[{"count":2,"href":"https:\/\/veraotoldos.com.br\/blog\/wp-json\/wp\/v2\/posts\/3731\/revisions"}],"predecessor-version":[{"id":3746,"href":"https:\/\/veraotoldos.com.br\/blog\/wp-json\/wp\/v2\/posts\/3731\/revisions\/3746"}],"wp:featuredmedia":[{"embeddable":true,"href":"https:\/\/veraotoldos.com.br\/blog\/wp-json\/wp\/v2\/media\/3732"}],"wp:attachment":[{"href":"https:\/\/veraotoldos.com.br\/blog\/wp-json\/wp\/v2\/media?parent=3731"}],"wp:term":[{"taxonomy":"category","embeddable":true,"href":"https:\/\/veraotoldos.com.br\/blog\/wp-json\/wp\/v2\/categories?post=3731"},{"taxonomy":"post_tag","embeddable":true,"href":"https:\/\/veraotoldos.com.br\/blog\/wp-json\/wp\/v2\/tags?post=3731"}],"curies":[{"name":"wp","href":"https:\/\/api.w.org\/{rel}","templated":true}]}}